{"id":155,"date":"2015-03-03T07:10:28","date_gmt":"2015-03-03T05:10:28","guid":{"rendered":"http:\/\/casasevera.com\/casarural\/?p=155"},"modified":"2015-09-09T05:34:47","modified_gmt":"2015-09-09T03:34:47","slug":"cochinillo-2015","status":"publish","type":"post","link":"https:\/\/casasevera.com\/casarural\/archivos\/155","title":{"rendered":"Cochinillo 2015"},"content":{"rendered":"<p>Tras el \u00e9xito de otros a\u00f1os en las jornadas del cochinillo, y\u00a0 finalizadas las jornadas gastron\u00f3micas de la Matanza; repetimos este 2015 con un men\u00fa muy especial para acompa\u00f1ar este manjar tan demandado por nuestros clientes.<\/p>\n<p>Por un precio muy ajustado de 25 euros\/personas, os ofrecemos:<\/p>\n<ul>\n<li>Morcilla con Tortos de Ma\u00edz<\/li>\n<li>Sopa de H\u00edgado o Pote de Berces<\/li>\n<li>Cochinillo al Horno<\/li>\n<li>Postres caseros<\/li>\n<li>Vino Crianza de Rioja<\/li>\n<\/ul>\n<p><a href=\"http:\/\/casasevera.com\/casarural\/wp-content\/uploads\/2015\/03\/2015-cochinillo.jpg\"><img loading=\"lazy\" decoding=\"async\" class=\"aligncenter wp-image-156\" src=\"http:\/\/casasevera.com\/casarural\/wp-content\/uploads\/2015\/03\/2015-cochinillo-300x208.jpg\" alt=\"2015-cochinillo\" width=\"450\" height=\"312\" srcset=\"https:\/\/casasevera.com\/casarural\/wp-content\/uploads\/2015\/03\/2015-cochinillo-300x208.jpg 300w, https:\/\/casasevera.com\/casarural\/wp-content\/uploads\/2015\/03\/2015-cochinillo.jpg 600w\" sizes=\"auto, (max-width: 450px) 100vw, 450px\" \/><\/a><\/p>\n<p>Adem\u00e1s este a\u00f1o, queremos colaborar con el AMPA del colegio p\u00fablico de Ponga, y aportaremos una parte del precio del men\u00fa a esta asociaci\u00f3n.<\/p>\n","protected":false},"excerpt":{"rendered":"<p>Tras el \u00e9xito de otros a\u00f1os en las jornadas del cochinillo, y\u00a0 finalizadas las jornadas gastron\u00f3micas de la Matanza; repetimos este 2015 con un men\u00fa muy especial para acompa\u00f1ar este manjar tan demandado por nuestros clientes. Por un precio muy ajustado de 25 euros\/personas, os ofrecemos: Morcilla con Tortos de Ma\u00edz Sopa de H\u00edgado o [&hellip;]<\/p>\n","protected":false},"author":1,"featured_media":0,"comment_status":"closed","ping_status":"open","sticky":false,"template":"","format":"standard","meta":{"_genesis_hide_title":false,"_genesis_hide_breadcrumbs":false,"_genesis_hide_singular_image":false,"_genesis_hide_footer_widgets":false,"_genesis_custom_body_class":"","_genesis_custom_post_class":"","_genesis_layout":"","footnotes":""},"categories":[3],"tags":[],"class_list":{"0":"post-155","1":"post","2":"type-post","3":"status-publish","4":"format-standard","6":"category-comer-asturias","7":"entry"},"_links":{"self":[{"href":"https:\/\/casasevera.com\/casarural\/wp-json\/wp\/v2\/posts\/155","targetHints":{"allow":["GET"]}}],"collection":[{"href":"https:\/\/casasevera.com\/casarural\/wp-json\/wp\/v2\/posts"}],"about":[{"href":"https:\/\/casasevera.com\/casarural\/wp-json\/wp\/v2\/types\/post"}],"author":[{"embeddable":true,"href":"https:\/\/casasevera.com\/casarural\/wp-json\/wp\/v2\/users\/1"}],"replies":[{"embeddable":true,"href":"https:\/\/casasevera.com\/casarural\/wp-json\/wp\/v2\/comments?post=155"}],"version-history":[{"count":1,"href":"https:\/\/casasevera.com\/casarural\/wp-json\/wp\/v2\/posts\/155\/revisions"}],"predecessor-version":[{"id":157,"href":"https:\/\/casasevera.com\/casarural\/wp-json\/wp\/v2\/posts\/155\/revisions\/157"}],"wp:attachment":[{"href":"https:\/\/casasevera.com\/casarural\/wp-json\/wp\/v2\/media?parent=155"}],"wp:term":[{"taxonomy":"category","embeddable":true,"href":"https:\/\/casasevera.com\/casarural\/wp-json\/wp\/v2\/categories?post=155"},{"taxonomy":"post_tag","embeddable":true,"href":"https:\/\/casasevera.com\/casarural\/wp-json\/wp\/v2\/tags?post=155"}],"curies":[{"name":"wp","href":"https:\/\/api.w.org\/{rel}","templated":true}]}}