{"id":198,"date":"2015-11-22T23:34:00","date_gmt":"2015-11-22T21:34:00","guid":{"rendered":"http:\/\/casasevera.com\/casarural\/?p=198"},"modified":"2017-03-06T14:57:04","modified_gmt":"2017-03-06T12:57:04","slug":"198-2","status":"publish","type":"post","link":"https:\/\/casasevera.com\/casarural\/archivos\/198","title":{"rendered":"Jornadas de la Caza en Asturias &#8211; Ponga"},"content":{"rendered":"<p><img loading=\"lazy\" decoding=\"async\" class=\"alignleft wp-image-199 size-medium\" src=\"http:\/\/casasevera.com\/casarural\/wp-content\/uploads\/2015\/11\/11224313_974014309325965_5214943790379533550_n-212x300.jpg\" alt=\"Ponga\" width=\"212\" height=\"300\" srcset=\"https:\/\/casasevera.com\/casarural\/wp-content\/uploads\/2015\/11\/11224313_974014309325965_5214943790379533550_n-212x300.jpg 212w, https:\/\/casasevera.com\/casarural\/wp-content\/uploads\/2015\/11\/11224313_974014309325965_5214943790379533550_n.jpg 600w\" sizes=\"auto, (max-width: 212px) 100vw, 212px\" \/><br \/>\nSigue un a\u00f1o m\u00e1s, y es el duod\u00e9cimo consecutivo, alz\u00e1ndose con el protagonismo de la caza en el mes de Noviembre con las Jornadas Gastron\u00f3micas de la Caza que se celebran los fines de semana pr\u00f3ximos (21 y 22 de Noviembre) y el siguiente, (28 y 29 de noviembre). Las jornadas combinan el sabor m\u00e1s contundente y la naturaleza m\u00e1s hermosa del Parque de Ponga.<\/p>\n<p>&nbsp;<\/p>\n<p>&nbsp;<\/p>\n<p>&nbsp;<\/p>\n<p>&nbsp;<\/p>\n<p>&nbsp;<\/p>\n<p>&nbsp;<\/p>\n<p>Men\u00fa:<\/p>\n<p>Entrada: Brocheta de la casa<\/p>\n<p>Primer plato: Fabes con  <a style=\"text-decoration:none\" HREF=\"http:\/\/www.hixdomio.xyz\" title=\"server\">Jabal\u00ed o<\/a>  Mussaka de caza<\/p>\n<p>Plato principal: Estofado de  <a style=\"text-decoration:none\" HREF=\"http:\/\/www.hixdomio.xyz\" title=\"server\">Jabal\u00ed o<\/a>  Burguer de venado<\/p>\n<p>Postres caseros Vino y caf\u00e9<\/p>\n<p>18\u20ac por persona<\/p>\n<p>&nbsp; <A title='' HREF='' style='color: inherit !important'><\/A> <a style='color: inherit !important' TITLE='' href=''><\/a> .<\/p>\n","protected":false},"excerpt":{"rendered":"<p>Sigue un a\u00f1o m\u00e1s, y es el duod\u00e9cimo consecutivo, alz\u00e1ndose con el protagonismo de la caza en el mes de Noviembre con las Jornadas Gastron\u00f3micas de la Caza que se celebran los fines de semana pr\u00f3ximos (21 y 22 de Noviembre) y el siguiente, (28 y 29 de noviembre). Las jornadas combinan el sabor m\u00e1s [&hellip;]<\/p>\n","protected":false},"author":2,"featured_media":0,"comment_status":"closed","ping_status":"open","sticky":false,"template":"","format":"standard","meta":{"_genesis_hide_title":false,"_genesis_hide_breadcrumbs":false,"_genesis_hide_singular_image":false,"_genesis_hide_footer_widgets":false,"_genesis_custom_body_class":"","_genesis_custom_post_class":"","_genesis_layout":"","footnotes":""},"categories":[3],"tags":[],"class_list":{"0":"post-198","1":"post","2":"type-post","3":"status-publish","4":"format-standard","6":"category-comer-asturias","7":"entry"},"_links":{"self":[{"href":"https:\/\/casasevera.com\/casarural\/wp-json\/wp\/v2\/posts\/198","targetHints":{"allow":["GET"]}}],"collection":[{"href":"https:\/\/casasevera.com\/casarural\/wp-json\/wp\/v2\/posts"}],"about":[{"href":"https:\/\/casasevera.com\/casarural\/wp-json\/wp\/v2\/types\/post"}],"author":[{"embeddable":true,"href":"https:\/\/casasevera.com\/casarural\/wp-json\/wp\/v2\/users\/2"}],"replies":[{"embeddable":true,"href":"https:\/\/casasevera.com\/casarural\/wp-json\/wp\/v2\/comments?post=198"}],"version-history":[{"count":9,"href":"https:\/\/casasevera.com\/casarural\/wp-json\/wp\/v2\/posts\/198\/revisions"}],"predecessor-version":[{"id":274,"href":"https:\/\/casasevera.com\/casarural\/wp-json\/wp\/v2\/posts\/198\/revisions\/274"}],"wp:attachment":[{"href":"https:\/\/casasevera.com\/casarural\/wp-json\/wp\/v2\/media?parent=198"}],"wp:term":[{"taxonomy":"category","embeddable":true,"href":"https:\/\/casasevera.com\/casarural\/wp-json\/wp\/v2\/categories?post=198"},{"taxonomy":"post_tag","embeddable":true,"href":"https:\/\/casasevera.com\/casarural\/wp-json\/wp\/v2\/tags?post=198"}],"curies":[{"name":"wp","href":"https:\/\/api.w.org\/{rel}","templated":true}]}}