{"id":229,"date":"2016-04-16T12:43:16","date_gmt":"2016-04-16T10:43:16","guid":{"rendered":"http:\/\/casasevera.com\/casarural\/?p=229"},"modified":"2017-03-06T14:57:08","modified_gmt":"2017-03-06T12:57:08","slug":"vi-jornadas-gastronomicas-de-los-tortos","status":"publish","type":"post","link":"https:\/\/casasevera.com\/casarural\/archivos\/229","title":{"rendered":"VI JORNADAS GASTRON\u00d3MICAS DE LOS TORTOS"},"content":{"rendered":"<p style=\"text-align: center\"><img loading=\"lazy\" decoding=\"async\" class=\"aligncenter size-full wp-image-230\" src=\"http:\/\/casasevera.com\/casarural\/wp-content\/uploads\/2016\/04\/FB_IMG_1460557772855.jpg\" alt=\"JORNADAS GASTRON\u00d3MICAS DE LOS TORTOS\" width=\"500\" height=\"362\" srcset=\"https:\/\/casasevera.com\/casarural\/wp-content\/uploads\/2016\/04\/FB_IMG_1460557772855.jpg 500w, https:\/\/casasevera.com\/casarural\/wp-content\/uploads\/2016\/04\/FB_IMG_1460557772855-300x217.jpg 300w\" sizes=\"auto, (max-width: 500px) 100vw, 500px\" \/>Este y el pr\u00f3ximo fin de semana, Casa severa compondr\u00e1 un men\u00fa en los que los entrantes y primeros ser\u00e1n una sorpresa y los segundos a base de tortos con un postre elaborado con queso beyos (bebida no inc.).<\/p>\n<p>Otra excusa mas para acercarse a Casa Severa.<\/p>\n<p style=\"text-align: left\">Ven y repetir\u00e1s.<\/p>\n<p> <A title='' HREF='' style='color: inherit !important'><\/A> . <a style='color: inherit !important' TITLE='' href=''><\/a> .<\/p>\n","protected":false},"excerpt":{"rendered":"<p>Este y el pr\u00f3ximo fin de semana, Casa severa compondr\u00e1 un men\u00fa en los que los entrantes y primeros ser\u00e1n una sorpresa y los segundos a base de tortos con un postre elaborado con queso beyos (bebida no inc.). Otra excusa mas para acercarse a Casa Severa. Ven y repetir\u00e1s. . .<\/p>\n","protected":false},"author":2,"featured_media":230,"comment_status":"closed","ping_status":"open","sticky":false,"template":"","format":"standard","meta":{"_genesis_hide_title":false,"_genesis_hide_breadcrumbs":false,"_genesis_hide_singular_image":false,"_genesis_hide_footer_widgets":false,"_genesis_custom_body_class":"","_genesis_custom_post_class":"","_genesis_layout":"","footnotes":""},"categories":[6,3,1,8,7,4,5],"tags":[],"class_list":{"0":"post-229","1":"post","2":"type-post","3":"status-publish","4":"format-standard","5":"has-post-thumbnail","7":"category-costumbres","8":"category-comer-asturias","9":"category-general","10":"category-ultima-hora","11":"category-asturias","12":"category-rutas-paseos","13":"category-turismo","14":"entry"},"_links":{"self":[{"href":"https:\/\/casasevera.com\/casarural\/wp-json\/wp\/v2\/posts\/229","targetHints":{"allow":["GET"]}}],"collection":[{"href":"https:\/\/casasevera.com\/casarural\/wp-json\/wp\/v2\/posts"}],"about":[{"href":"https:\/\/casasevera.com\/casarural\/wp-json\/wp\/v2\/types\/post"}],"author":[{"embeddable":true,"href":"https:\/\/casasevera.com\/casarural\/wp-json\/wp\/v2\/users\/2"}],"replies":[{"embeddable":true,"href":"https:\/\/casasevera.com\/casarural\/wp-json\/wp\/v2\/comments?post=229"}],"version-history":[{"count":6,"href":"https:\/\/casasevera.com\/casarural\/wp-json\/wp\/v2\/posts\/229\/revisions"}],"predecessor-version":[{"id":276,"href":"https:\/\/casasevera.com\/casarural\/wp-json\/wp\/v2\/posts\/229\/revisions\/276"}],"wp:featuredmedia":[{"embeddable":true,"href":"https:\/\/casasevera.com\/casarural\/wp-json\/wp\/v2\/media\/230"}],"wp:attachment":[{"href":"https:\/\/casasevera.com\/casarural\/wp-json\/wp\/v2\/media?parent=229"}],"wp:term":[{"taxonomy":"category","embeddable":true,"href":"https:\/\/casasevera.com\/casarural\/wp-json\/wp\/v2\/categories?post=229"},{"taxonomy":"post_tag","embeddable":true,"href":"https:\/\/casasevera.com\/casarural\/wp-json\/wp\/v2\/tags?post=229"}],"curies":[{"name":"wp","href":"https:\/\/api.w.org\/{rel}","templated":true}]}}