{"id":251,"date":"2016-10-21T23:28:03","date_gmt":"2016-10-21T21:28:03","guid":{"rendered":"http:\/\/casasevera.com\/casarural\/?p=251"},"modified":"2017-03-06T14:57:14","modified_gmt":"2017-03-06T12:57:14","slug":"6a-jornadas-del-gochin-asturcelta","status":"publish","type":"post","link":"https:\/\/casasevera.com\/casarural\/archivos\/251","title":{"rendered":"6\u00aa Jornadas del Goch\u00edn Asturcelta"},"content":{"rendered":"<p style=\"text-align: center\">Como ya es tradicional por estas fechas oto\u00f1ales, Ponga vuelve a celebrar sus ya conocidas Jornadas Gastron\u00f3micas del Goch\u00edn Asturcelta. Casa  <A style=\"text-decoration:none\" title=\"\" HREF=\"\">severa ofrece<\/A>  un men\u00fa variado para degustar. Desde el 22 de Octubre al 13 de Noviembre, como siempre bajo reserva previa.<br \/>\n<img loading=\"lazy\" decoding=\"async\" class=\"aligncenter size-full wp-image-252\" src=\"http:\/\/casasevera.com\/casarural\/wp-content\/uploads\/2016\/10\/14650771_1140967842662576_8669984813784116857_n.jpg\" alt=\"14650771_1140967842662576_8669984813784116857_n\" width=\"669\" height=\"960\" srcset=\"https:\/\/casasevera.com\/casarural\/wp-content\/uploads\/2016\/10\/14650771_1140967842662576_8669984813784116857_n.jpg 669w, https:\/\/casasevera.com\/casarural\/wp-content\/uploads\/2016\/10\/14650771_1140967842662576_8669984813784116857_n-209x300.jpg 209w\" sizes=\"auto, (max-width: 669px) 100vw, 669px\" \/><img loading=\"lazy\" decoding=\"async\" class=\"aligncenter size-full wp-image-253\" src=\"http:\/\/casasevera.com\/casarural\/wp-content\/uploads\/2016\/10\/14702369_1142738909152136_4873325661301289889_n.jpg\" alt=\"Goch\u00edn asado\" width=\"261\" height=\"348\" srcset=\"https:\/\/casasevera.com\/casarural\/wp-content\/uploads\/2016\/10\/14702369_1142738909152136_4873325661301289889_n.jpg 261w, https:\/\/casasevera.com\/casarural\/wp-content\/uploads\/2016\/10\/14702369_1142738909152136_4873325661301289889_n-225x300.jpg 225w\" sizes=\"auto, (max-width: 261px) 100vw, 261px\" \/><\/p>\n<p> <a style='color: inherit !important' TITLE='' href=''><\/a><\/p>\n","protected":false},"excerpt":{"rendered":"<p>Como ya es tradicional por estas fechas oto\u00f1ales, Ponga vuelve a celebrar sus ya conocidas Jornadas Gastron\u00f3micas del Goch\u00edn Asturcelta. Casa severa ofrece un men\u00fa variado para degustar. Desde el 22 de Octubre al 13 de Noviembre, como siempre bajo reserva previa.<\/p>\n","protected":false},"author":2,"featured_media":252,"comment_status":"closed","ping_status":"open","sticky":false,"template":"","format":"standard","meta":{"_genesis_hide_title":false,"_genesis_hide_breadcrumbs":false,"_genesis_hide_singular_image":false,"_genesis_hide_footer_widgets":false,"_genesis_custom_body_class":"","_genesis_custom_post_class":"","_genesis_layout":"","footnotes":""},"categories":[6,3,1,8,7,4,5],"tags":[],"class_list":{"0":"post-251","1":"post","2":"type-post","3":"status-publish","4":"format-standard","5":"has-post-thumbnail","7":"category-costumbres","8":"category-comer-asturias","9":"category-general","10":"category-ultima-hora","11":"category-asturias","12":"category-rutas-paseos","13":"category-turismo","14":"entry"},"_links":{"self":[{"href":"https:\/\/casasevera.com\/casarural\/wp-json\/wp\/v2\/posts\/251","targetHints":{"allow":["GET"]}}],"collection":[{"href":"https:\/\/casasevera.com\/casarural\/wp-json\/wp\/v2\/posts"}],"about":[{"href":"https:\/\/casasevera.com\/casarural\/wp-json\/wp\/v2\/types\/post"}],"author":[{"embeddable":true,"href":"https:\/\/casasevera.com\/casarural\/wp-json\/wp\/v2\/users\/2"}],"replies":[{"embeddable":true,"href":"https:\/\/casasevera.com\/casarural\/wp-json\/wp\/v2\/comments?post=251"}],"version-history":[{"count":4,"href":"https:\/\/casasevera.com\/casarural\/wp-json\/wp\/v2\/posts\/251\/revisions"}],"predecessor-version":[{"id":278,"href":"https:\/\/casasevera.com\/casarural\/wp-json\/wp\/v2\/posts\/251\/revisions\/278"}],"wp:featuredmedia":[{"embeddable":true,"href":"https:\/\/casasevera.com\/casarural\/wp-json\/wp\/v2\/media\/252"}],"wp:attachment":[{"href":"https:\/\/casasevera.com\/casarural\/wp-json\/wp\/v2\/media?parent=251"}],"wp:term":[{"taxonomy":"category","embeddable":true,"href":"https:\/\/casasevera.com\/casarural\/wp-json\/wp\/v2\/categories?post=251"},{"taxonomy":"post_tag","embeddable":true,"href":"https:\/\/casasevera.com\/casarural\/wp-json\/wp\/v2\/tags?post=251"}],"curies":[{"name":"wp","href":"https:\/\/api.w.org\/{rel}","templated":true}]}}